{"id":2715,"date":"2020-08-09T13:30:06","date_gmt":"2020-08-09T11:30:06","guid":{"rendered":"http:\/\/zuraltenoder.de\/?p=2715"},"modified":"2026-08-25T09:05:39","modified_gmt":"2026-08-25T07:05:39","slug":"eine-kurze-einfuehrung-in-die-frankfurter-oder","status":"publish","type":"post","link":"https:\/\/zuraltenoder.de\/en\/eine-kurze-einfuehrung-in-die-frankfurter-oder\/","title":{"rendered":"A short introduction to the Frankfurter Oder"},"content":{"rendered":"<div class=\"wp-block-group\">\r\n<div class=\"wp-block-group__inner-container\">\r\n<ul class=\"wp-block-list\">\r\n<li><a href=\"https:\/\/de.wikipedia.org\/wiki\/Heilandskapelle_Frankfurt_(Oder)\">Heilandskapelle Frankfurt (Oder)<\/a><\/li>\r\n<li><a href=\"https:\/\/www.muv-ffo.de\/kleistforum-index.htm\">Kleist Forum<\/a><\/li>\r\n<li><a href=\"https:\/\/de.wikipedia.org\/wiki\/Marienkirche_Frankfurt_(Oder)\">St. Marienkirche Frankfurt (Oder)<\/a><\/li>\r\n<li><a href=\"http:\/\/www.museum-viadrina.de\/\">Museum Viadrina (Junker House)<\/a><\/li>\r\n<li><a href=\"https:\/\/www.brandenburg-tourism.com\/poi\/seenland-oder-spree\/museums\/brandenburg-state-museum-of-modern-art-frankfurt-oder\/\">Brandenburg State Museum for Modern Art Frankfurt (Oder)<\/a><\/li>\r\n<li><a href=\"https:\/\/www.kleist-museum.de\/\">Kleist Museum Frankfurt (Oder)<\/a><\/li>\r\n<li><a href=\"https:\/\/www.theaterdeslachens.de\/\">Theater des Lachens eV<\/a><\/li>\r\n<li><a href=\"https:\/\/www.brandenburg-tourism.com\/poi\/seenland-oder-spree\/stages\/concert-hall-c-punkt-p-e-bach\/\">Concert hall &#8222;CPE Bach&#8220;<\/a><\/li>\r\n<li><a href=\"http:\/\/www.theater-ff.de\/\">Theater im Schuppen eV<\/a><\/li>\r\n<li><a href=\"https:\/\/www.tourismus-ffo.de\/en\/sightseeing\/14155\/\">German-Polish Tourist Information Frankfurt (Oder)<\/a><\/li>\r\n<li><a href=\"https:\/\/www.bundesstiftung-aufarbeitung.de\/en\/frankfurt-oder-3536.html\">Memorial and documentation center &#8222;Victims of Political Tyranny&#8220; Frankfurt (Oder)<\/a><\/li>\r\n<\/ul>\r\n<\/div>\r\n<\/div>\r\n<\/div>\r\n<\/div><!-- \/wp:group -->\r\n\r\n<!-- wp:group -->\r\n<div class=\"wp-block-group\">\r\n<div class=\"wp-block-group__inner-container\"><!-- wp:group -->\r\n<div class=\"wp-block-group\">\r\n<div class=\"wp-block-group__inner-container\"><!-- wp:list -->\r\n<ul>\r\n<li><a href=\"https:\/\/de.wikipedia.org\/wiki\/Heilandskapelle_Frankfurt_(Oder)\">Heilandskapelle Frankfurt (Oder)<\/a><\/li>\r\n<li><a href=\"https:\/\/www.muv-ffo.de\/kleistforum-index.htm\">Kleist Forum<\/a><\/li>\r\n<li><a href=\"https:\/\/de.wikipedia.org\/wiki\/Marienkirche_Frankfurt_(Oder)\">St. Marienkirche Frankfurt (Oder)<\/a><\/li>\r\n<li><a href=\"http:\/\/www.museum-viadrina.de\/\">Museum Viadrina (Junker House)<\/a><\/li>\r\n<li><a href=\"https:\/\/www.brandenburg-tourism.com\/poi\/seenland-oder-spree\/museums\/brandenburg-state-museum-of-modern-art-frankfurt-oder\/\">Brandenburg State Museum for Modern Art Frankfurt (Oder)<\/a><\/li>\r\n<li><a href=\"https:\/\/www.kleist-museum.de\/\">Kleist Museum Frankfurt (Oder)<\/a><\/li>\r\n<li><a href=\"https:\/\/www.theaterdeslachens.de\/\">Theater des Lachens eV<\/a><\/li>\r\n<li><a href=\"https:\/\/www.brandenburg-tourism.com\/poi\/seenland-oder-spree\/stages\/concert-hall-c-punkt-p-e-bach\/\">Concert hall &#8222;CPE Bach&#8220;<\/a><\/li>\r\n<li><a href=\"http:\/\/www.theater-ff.de\/\">Theater im Schuppen eV<\/a><\/li>\r\n<li><a href=\"https:\/\/www.tourismus-ffo.de\/en\/sightseeing\/14155\/\">German-Polish Tourist Information Frankfurt (Oder)<\/a><\/li>\r\n<li><a href=\"https:\/\/www.bundesstiftung-aufarbeitung.de\/en\/frankfurt-oder-3536.html\">Memorial and documentation center &#8222;Victims of Political Tyranny&#8220; Frankfurt (Oder)<\/a><\/li>\r\n<\/ul>\r\n<\/div>\r\n<\/div>\r\n<\/div>\r\n<\/div><!-- \/wp:post-content --><!-- \/wp:group --><!-- wp:post-content --><!-- wp:paragraph -->\r\n<p>If you don't already know, here's a brief introduction to the city <a href=\"http:\/\/zuraltenoder.de\/en\/\">Frankfurt Oder<\/a>.<\/p>\r\n<!-- \/wp:paragraph -->\r\n\r\n<!-- wp:paragraph -->\r\n<p>Top-class culture, many shopping opportunities, history at every turn and Poland just a bridge crossing away: That is Frankfurt (Oder), the historic and at the same time young city. Border city, city of poets, city on the river: As a twin European city, Frankfurt an der Oder has a long history and a lot of culture.<\/p>\r\n<!-- \/wp:paragraph -->\r\n\r\n<!-- wp:paragraph -->\r\n<p>Die \u00fcber 750 Jahre alte Stadt <a href=\"https:\/\/www.auradecorliving.com\/2026\/03\/top-5-restaurants-in-frankfurt-oder.html\" target=\"_blank\" rel=\"noopener\">Frankfurt (Oder)<\/a>, auch Frankfurt an der Oder oder Frankfurt\/Oder geschrieben, ist die viertgr\u00f6\u00dfte Stadt des Landes Brandenburg mit ca. 60.000 Einwohnern; sie ist Grenzstadt im \u00f6stlichen Landesteil zum Nachbarland Polen.<\/p>\r\n<!-- \/wp:paragraph -->\r\n\r\n<!-- wp:paragraph -->\r\n<p>Frankfurt was once a Hanseatic and trade fair city on the middle Oder, which flows below Stettin (Polish: Szczecin) behind the Oderhaff to the Baltic Sea. The city was already settled in 1226 and received city rights in 1253. The Brandenburg State University Viadrina in Frankfurt was opened in 1506.<\/p>\r\n<!-- \/wp:paragraph -->\r\n\r\n<!-- wp:heading -->\r\n<h2>Highlights in Frankfurt (Oder)<\/h2>\r\n<!-- \/wp:heading -->\r\n\r\n<!-- wp:group -->\r\n<div class=\"wp-block-group\">\r\n<div class=\"wp-block-group__inner-container\"><!-- wp:group -->\r\n<div class=\"wp-block-group\">\r\n<div class=\"wp-block-group__inner-container\"><!-- wp:list -->\r\n<ul>\r\n<li><a href=\"https:\/\/de.wikipedia.org\/wiki\/Heilandskapelle_Frankfurt_(Oder)\">Heilandskapelle Frankfurt (Oder)<\/a><\/li>\r\n<li><a href=\"https:\/\/www.muv-ffo.de\/kleistforum-index.htm\">Kleist Forum<\/a><\/li>\r\n<li><a href=\"https:\/\/de.wikipedia.org\/wiki\/Marienkirche_Frankfurt_(Oder)\">St. Marienkirche Frankfurt (Oder)<\/a><\/li>\r\n<li><a href=\"http:\/\/www.museum-viadrina.de\/\">Museum Viadrina (Junker House)<\/a><\/li>\r\n<li><a href=\"https:\/\/www.brandenburg-tourism.com\/poi\/seenland-oder-spree\/museums\/brandenburg-state-museum-of-modern-art-frankfurt-oder\/\">Brandenburg State Museum for Modern Art Frankfurt (Oder)<\/a><\/li>\r\n<li><a href=\"https:\/\/www.kleist-museum.de\/\">Kleist Museum Frankfurt (Oder)<\/a><\/li>\r\n<li><a href=\"https:\/\/www.theaterdeslachens.de\/\">Theater des Lachens eV<\/a><\/li>\r\n<li><a href=\"https:\/\/www.brandenburg-tourism.com\/poi\/seenland-oder-spree\/stages\/concert-hall-c-punkt-p-e-bach\/\">Concert hall &#8222;CPE Bach&#8220;<\/a><\/li>\r\n<li><a href=\"http:\/\/www.theater-ff.de\/\">Theater im Schuppen eV<\/a><\/li>\r\n<li><a href=\"https:\/\/www.tourismus-ffo.de\/en\/sightseeing\/14155\/\">German-Polish Tourist Information Frankfurt (Oder)<\/a><\/li>\r\n<li><a href=\"https:\/\/www.bundesstiftung-aufarbeitung.de\/en\/frankfurt-oder-3536.html\">Memorial and documentation center &#8222;Victims of Political Tyranny&#8220; Frankfurt (Oder)<\/a><\/li>\r\n<\/ul>\r\n<\/div>\r\n<\/div>\r\n<\/div>\r\n<\/div><!-- \/wp:post-content -->","protected":false},"excerpt":{"rendered":"<p>Heilandskapelle Frankfurt (Oder) Kleist Forum St. Marienkirche Frankfurt (Oder) Museum Viadrina (Junker House) Brandenburg State Museum for Modern Art Frankfurt (Oder) Kleist Museum Frankfurt (Oder) Theater des Lachens eV Concert hall &#8222;CPE Bach&#8220; Theater im Schuppen eV German-Polish Tourist Information Frankfurt (Oder) Memorial and documentation center &#8222;Victims of Political Tyranny&#8220; Frankfurt (Oder) Wenn Sie es [&hellip;]<\/p>\n","protected":false},"author":2,"featured_media":2719,"comment_status":"closed","ping_status":"open","sticky":false,"template":"","format":"standard","meta":{"footnotes":"","_members_access_role":[],"_members_access_error":""},"categories":[17,21,102],"tags":[],"class_list":["post-2715","post","type-post","status-publish","format-standard","has-post-thumbnail","category-frankfurt-oder","category-hotel","category-hotel-in-frankfurt-oder"],"_links":{"self":[{"href":"https:\/\/zuraltenoder.de\/en\/wp-json\/wp\/v2\/posts\/2715","targetHints":{"allow":["GET"]}}],"collection":[{"href":"https:\/\/zuraltenoder.de\/en\/wp-json\/wp\/v2\/posts"}],"about":[{"href":"https:\/\/zuraltenoder.de\/en\/wp-json\/wp\/v2\/types\/post"}],"author":[{"embeddable":true,"href":"https:\/\/zuraltenoder.de\/en\/wp-json\/wp\/v2\/users\/2"}],"replies":[{"embeddable":true,"href":"https:\/\/zuraltenoder.de\/en\/wp-json\/wp\/v2\/comments?post=2715"}],"version-history":[{"count":4,"href":"https:\/\/zuraltenoder.de\/en\/wp-json\/wp\/v2\/posts\/2715\/revisions"}],"predecessor-version":[{"id":3411,"href":"https:\/\/zuraltenoder.de\/en\/wp-json\/wp\/v2\/posts\/2715\/revisions\/3411"}],"wp:featuredmedia":[{"embeddable":true,"href":"https:\/\/zuraltenoder.de\/en\/wp-json\/wp\/v2\/media\/2719"}],"wp:attachment":[{"href":"https:\/\/zuraltenoder.de\/en\/wp-json\/wp\/v2\/media?parent=2715"}],"wp:term":[{"taxonomy":"category","embeddable":true,"href":"https:\/\/zuraltenoder.de\/en\/wp-json\/wp\/v2\/categories?post=2715"},{"taxonomy":"post_tag","embeddable":true,"href":"https:\/\/zuraltenoder.de\/en\/wp-json\/wp\/v2\/tags?post=2715"}],"curies":[{"name":"wp","href":"https:\/\/api.w.org\/{rel}","templated":true}]}}